{"id":1140,"date":"2008-05-09T12:49:42","date_gmt":"2008-05-09T12:49:42","guid":{"rendered":"http:\/\/www.galeriafoksal.pl\/?p=1140&#038;lang=pl"},"modified":"2014-03-11T12:51:30","modified_gmt":"2014-03-11T12:51:30","slug":"double","status":"publish","type":"post","link":"https:\/\/www.galeriafoksal.pl\/en\/double\/","title":{"rendered":"Double"},"content":{"rendered":"<p><!--[if gte mso 9]><xml>\n<w:WordDocument>\n<w:View>Normal<\/w:View>\n<w:Zoom>0<\/w:Zoom>\n<w:HyphenationZone>21<\/w:HyphenationZone>\n<w:PunctuationKerning\/>\n<w:ValidateAgainstSchemas\/>\n<w:SaveIfXMLInvalid>false<\/w:SaveIfXMLInvalid>\n<w:IgnoreMixedContent>false<\/w:IgnoreMixedContent>\n<w:AlwaysShowPlaceholderText>false<\/w:AlwaysShowPlaceholderText>\n<w:Compatibility>\n<w:BreakWrappedTables\/>\n<w:SnapToGridInCell\/>\n<w:WrapTextWithPunct\/>\n<w:UseAsianBreakRules\/>\n<w:DontGrowAutofit\/>\n<\/w:Compatibility>\n<w:BrowserLevel>MicrosoftInternetExplorer4<\/w:BrowserLevel>\n<\/w:WordDocument>\n<\/xml><![endif]--><\/p>\n<p><!--[if gte mso 9]><xml>\n<w:LatentStyles DefLockedState=\"false\" LatentStyleCount=\"156\">\n<\/w:LatentStyles>\n<\/xml><![endif]--><!--[if gte mso 10]>\n\n\n\n<style>\n \/* Style Definitions *\/\ntable.MsoNormalTable\n{mso-style-name:Standardowy;\nmso-tstyle-rowband-size:0;\nmso-tstyle-colband-size:0;\nmso-style-noshow:yes;\nmso-style-parent:\"\";\nmso-padding-alt:0cm 5.4pt 0cm 5.4pt;\nmso-para-margin:0cm;\nmso-para-margin-bottom:.0001pt;\nmso-pagination:widow-orphan;\nfont-size:10.0pt;\nfont-family:\"Times New Roman\";\nmso-ansi-language:#0400;\nmso-fareast-language:#0400;\nmso-bidi-language:#0400;}\n<\/style>\n\n<![endif]--><\/p>\n<p class=\"MsoNormal\" style=\"text-align: justify;\">Otwarcie: 8.05.2008, godz. 18:00<br \/>\n9.05.2008 &#8211; 12.06.2008<\/p>\n<p class=\"MsoNormal\" style=\"text-align: justify;\">Prezentujemy pierwsz\u0105 w Galerii Foksal wystaw\u0119 Diany Fiedler (ur. 1976 r.), kt\u00f3ra odbywa\u0142a studia (w latach 1995-2002) w Akademii Sztuk Pi\u0119knych w Poznaniu, tam te\u017c jest asystentem w Pracowni Rysunku.<span style=\"mso-spacerun: yes;\">\u00a0 <\/span>Prowadzi ona tak\u017ce, wraz z Miko\u0142ajem Poli\u0144skim, Galeri\u0119 Aneks w Poznaniu.<\/p>\n<p>Diana Fiedler prezentowa\u0142a swoje realizacje w kilku wystawach solowych, takich, jak m. in.: <em>Przypisy <\/em>w Galerii Naprzeciw w Poznaniu w 2003 r.; <em>2005 &lt; &#8211; &gt; 7000<\/em> <i style=\"mso-bidi-font-style: normal;\"><span style=\"mso-spacerun: yes;\">\u00a0<\/span><\/i>w Galerii Muzalewska w Poznaniu w 2005 r.;<span style=\"mso-spacerun: yes;\">\u00a0 <\/span>czy <em>Puls <\/em>w Galerii Aneks w Poznaniu i <em>Pauza<\/em> w Galerii Rotunda w Poznaniu, obie w roku 2006. Bra\u0142a udzia\u0142 w wystawach zbiorowych, takich, jak m.in.: <em>Oder\/Odra<\/em> prezentowanej w Kunst Bauwerk\/Tabakfabrik w Vierraden, w Galerii Amfilada w Szczecinie oraz 2yk Galerie\/Kunstfabrik w Berlinie w 2003 r.; <em>Czytanie Przestrzeni <\/em>w Galerii Plastyfikatory w Luboniu w 2004 r.; <em>151206<\/em> <i style=\"mso-bidi-font-style: normal;\"><span style=\"mso-spacerun: yes;\">\u00a0<\/span><\/i>w Galerii Oko i Ucho w Poznaniu w 2006 r.<\/p>\n<p>Artystka zajmuje si\u0119 dociekaniami na temat to\u017csamo\u015bci, a pos\u0142uguje si\u0119 przy tym r\u00f3\u017cnorodnymi \u015brodkami: rysunkiem, monta\u017cem odnalezionych obiekt\u00f3w (meble, nakrycia sto\u0142owe, szachy) i wyobra\u017ce\u0144 gotowych (mapy, zdj\u0119cia Roentgenowskie), acz obecnie tworzy w\u0142asne przedstawienia, g\u0142\u00f3wnie z u\u017cyciem techniki fotograficznej oraz filmowej, kt\u00f3re wykorzystuje w indywidualny, przemy\u015blny i zr\u0119czny spos\u00f3b. Takie te\u017c prace, sk\u0142adaj\u0105ce si\u0119 na wi\u0119kszy, powstaj\u0105cy w ci\u0105gu paru ostatnich lat cykl, pokazujemy wiosn\u0105 2008 roku w Galerii Foksal. S\u0105 to w pierwszym ogl\u0105dzie wysoce realistyczne, du\u017cych format\u00f3w fotogramy, a tak\u017ce integralnie z nimi powi\u0105zany film, kt\u00f3re wszak przy uwa\u017cnym ogl\u0105dzie okazuj\u0105 si\u0119 by\u0107 wyobra\u017ceniami przetworzonymi, wywo\u0142uj\u0105cymi odczucia czego\u015b nieswoistego, nie swojego, niepokoju. Dociekania te tycz\u0105 to\u017csamo\u015bci osobowo\u015bciowej, to\u017csamo\u015bci miejsca, elementarnych dozna\u0144 odnosz\u0105cych si\u0119 do w\u0142asnego odczuwania, do samo-poczucia: swojsko\u015b\u0107 i czucie si\u0119 \u201enieswojo\u201d wobec siebie samego, w obliczu drugiej osoby, w stosunku do miejsca znanego, a obcego etc. Przemy\u015blne, acz proste zabiegi techniczne, jakie Diana Fiedler stosuje w swojej pracy, zw\u0142aszcza tej, w kt\u00f3rej pos\u0142uguje si\u0119 ona technik\u0105 fotograficzn\u0105 oraz filmow\u0105, stanowi\u0105 integralny element znacze\u0144, jakie efekty tej pracy posiadaj\u0105 dla ich autorki, jak i dla uwa\u017cnego obserwatora. Tak w samym procesie pracy artystki, jak i w formie uobecniania jej rezultat\u00f3w w przestrzeni, w jakiej realizacje s\u0105 wystawiane, mamy do czynienia z dog\u0142\u0119bnym namys\u0142em nad miejscem, kt\u00f3re to zagadnienie stanowi inny sta\u0142y motyw jej docieka\u0144, prowadzonych tak w formie teoretycznej, jak i zw\u0142aszcza praktycznej, w spos\u00f3b inteligentny, \u015bwie\u017cy oraz przekonywaj\u0105cy. Intryga my\u015blowa, jej przek\u0142ad na intryg\u0119 wizualn\u0105 sk\u0142adaj\u0105 si\u0119 pospo\u0142u na owe intryguj\u0105ce zazwyczaj sytuacje, albo zdarzenia wizualno-przestrzenne, jakimi okazuj\u0105 si\u0119 by\u0107 wystawy Diany Fiedler.<\/p>\n<p>Obecna wystawa o dwuznacznym tytule <em>Double <\/em>stanowi\u0107 si\u0119 zdaje kolejny przyk\u0142ad takiej charakterystyki pracy artystki. M\u00f3wi ona na jej temat w rozmowie z Jaromirem Jedli\u0144skim, kt\u00f3ra znajdzie si\u0119 w katalogu naszego pokazu, co nast\u0119puje: Double<span style=\"mso-fareast-font-family: Monaco;\"> <em>odnosi si\u0119 do to\u017csamo\u015bci i architektury,\u00a0 kt\u00f3re wzajemnie si\u0119 asymiluj\u0105. Wyobra\u017cam sobie, \u017ce korytarz (w mojej pracy) mo\u017ce by\u0107 tak samo przestrzeni\u0105 mentaln\u0105, jak i fizyczn\u0105. Wewn\u0119trzna przestrze\u0144 g\u0142owy jako nie-miejsce. Miejsca graniczne i nie-miejsca istniej\u0105 pomi\u0119dzy tym, co znajome a nieznanym, tym co prawdziwe a tym, co sztuczne, wn\u0119trzem i zewn\u0119trzem. W takim miejscu mo\u017cna by\u0107 \u2013 w tym samym czasie \u2013 znajomym i nieznajomym samemu sobie. Odizolowanym od siebie. Wyobcowanym. Niespokojnym i niepewnym.<br \/>\n<\/em><\/span>Autorka tworzy tu swoisty labirynt znacze\u0144, wizerunk\u00f3w os\u00f3b, przedstawie\u0144 wn\u0119trz, usi\u0142uj\u0105c przy tym uwzgl\u0119dni\u0107 poruszanie si\u0119 widza we wn\u0119trzu galerii, staj\u0105cej si\u0119 czym\u015b wi\u0119cej ani\u017celi zaledwie obrysem, ram\u0105 przestrzenn\u0105 pokazywanych prac. Jakkolwiek wszystkie one przytwierdzone s\u0105 do wewn\u0119trznych \u015bcian galerii, to powstaje tu swoisty labirynt sens\u00f3w, odczu\u0107 oraz okre\u015blonych \u2013 acz nie definitywnych \u2013 sposob\u00f3w percepcji tre\u015bci, jakie w jego korytarzach napotykamy.<\/p>\n<div class=\"wpmf-gallerys wpmf-gallerys-life \" ><div id=\"gallery-1\" class=\"gallery gallery_life wpmf_gallery_default gallery_default  gallery-columns-3 gallery-size-thumbnail gallery-link-post wpmf-has-border-radius-0 wpmf-gutterwidth-5 no_ratio\"><figure class=\"wpmf-gallery-item\" data-index=\"0\"><div class=\"wpmf-gallery-icon\"><div class=\"square_thumbnail\"><div class=\"img_centered\"><a class=\" not_video noLightbox\" data-lightbox=\"0\" data-href=\"https:\/\/www.galeriafoksal.pl\/wp-content\/uploads\/2014\/03\/IMG_1034-1024x682.jpg\" title=\"\" target=\"_self\" data-index=\"0\" data-rel=\"lightbox-gallery-TaBMqcvs\" data-rl_title=\"\" data-rl_caption=\"\"><img decoding=\"async\" class=\"wpmf_img\" alt=\"IMG_1034\" src=\"https:\/\/www.galeriafoksal.pl\/wp-content\/uploads\/2014\/03\/IMG_1034-300x300.jpg\" data-type=\"wpmfgalleryimg\" data-attachment-id=\"1142\" data-wpmf-size=\"thumbnail\" data-lazy-src=\"https:\/\/www.galeriafoksal.pl\/wp-content\/uploads\/2014\/03\/IMG_1034-300x300.jpg\"><\/a><\/div><\/div><\/div><\/figure><figure class=\"wpmf-gallery-item\" data-index=\"1\"><div class=\"wpmf-gallery-icon\"><div class=\"square_thumbnail\"><div class=\"img_centered\"><a class=\" not_video noLightbox\" data-lightbox=\"0\" data-href=\"https:\/\/www.galeriafoksal.pl\/wp-content\/uploads\/2014\/03\/IMG_1027-1024x682.jpg\" title=\"\" target=\"_self\" data-index=\"1\" data-rel=\"lightbox-gallery-TaBMqcvs\" data-rl_title=\"\" data-rl_caption=\"\"><img decoding=\"async\" class=\"wpmf_img\" alt=\"IMG_1027\" src=\"https:\/\/www.galeriafoksal.pl\/wp-content\/uploads\/2014\/03\/IMG_1027-300x300.jpg\" data-type=\"wpmfgalleryimg\" data-attachment-id=\"1147\" data-wpmf-size=\"thumbnail\" data-lazy-src=\"https:\/\/www.galeriafoksal.pl\/wp-content\/uploads\/2014\/03\/IMG_1027-300x300.jpg\"><\/a><\/div><\/div><\/div><\/figure><figure class=\"wpmf-gallery-item\" data-index=\"2\"><div class=\"wpmf-gallery-icon\"><div class=\"square_thumbnail\"><div class=\"img_centered\"><a class=\" not_video noLightbox\" data-lightbox=\"0\" data-href=\"https:\/\/www.galeriafoksal.pl\/wp-content\/uploads\/2014\/03\/IMG_1007-1024x673.jpg\" title=\"\" target=\"_self\" data-index=\"2\" data-rel=\"lightbox-gallery-TaBMqcvs\" data-rl_title=\"\" data-rl_caption=\"\"><img decoding=\"async\" class=\"wpmf_img\" alt=\"IMG_1007\" src=\"https:\/\/www.galeriafoksal.pl\/wp-content\/uploads\/2014\/03\/IMG_1007-300x300.jpg\" data-type=\"wpmfgalleryimg\" data-attachment-id=\"1144\" data-wpmf-size=\"thumbnail\" data-lazy-src=\"https:\/\/www.galeriafoksal.pl\/wp-content\/uploads\/2014\/03\/IMG_1007-300x300.jpg\"><\/a><\/div><\/div><\/div><\/figure><figure class=\"wpmf-gallery-item\" data-index=\"3\"><div class=\"wpmf-gallery-icon\"><div class=\"square_thumbnail\"><div class=\"img_centered\"><a class=\" not_video noLightbox\" data-lightbox=\"0\" data-href=\"https:\/\/www.galeriafoksal.pl\/wp-content\/uploads\/2014\/03\/IMG_1041-1024x682.jpg\" title=\"\" target=\"_self\" data-index=\"3\" data-rel=\"lightbox-gallery-TaBMqcvs\" data-rl_title=\"\" data-rl_caption=\"\"><img decoding=\"async\" class=\"wpmf_img\" alt=\"IMG_1041\" src=\"https:\/\/www.galeriafoksal.pl\/wp-content\/uploads\/2014\/03\/IMG_1041-300x300.jpg\" data-type=\"wpmfgalleryimg\" data-attachment-id=\"1143\" data-wpmf-size=\"thumbnail\" data-lazy-src=\"https:\/\/www.galeriafoksal.pl\/wp-content\/uploads\/2014\/03\/IMG_1041-300x300.jpg\"><\/a><\/div><\/div><\/div><\/figure><figure class=\"wpmf-gallery-item\" data-index=\"4\"><div class=\"wpmf-gallery-icon\"><div class=\"square_thumbnail\"><div class=\"img_centered\"><a class=\" not_video noLightbox\" data-lightbox=\"0\" data-href=\"https:\/\/www.galeriafoksal.pl\/wp-content\/uploads\/2014\/03\/IMG_1019-1024x682.jpg\" title=\"\" target=\"_self\" data-index=\"4\" data-rel=\"lightbox-gallery-TaBMqcvs\" data-rl_title=\"\" data-rl_caption=\"\"><img decoding=\"async\" class=\"wpmf_img\" alt=\"IMG_1019\" src=\"https:\/\/www.galeriafoksal.pl\/wp-content\/uploads\/2014\/03\/IMG_1019-300x300.jpg\" data-type=\"wpmfgalleryimg\" data-attachment-id=\"1146\" data-wpmf-size=\"thumbnail\" data-lazy-src=\"https:\/\/www.galeriafoksal.pl\/wp-content\/uploads\/2014\/03\/IMG_1019-300x300.jpg\"><\/a><\/div><\/div><\/div><\/figure><figure class=\"wpmf-gallery-item\" data-index=\"5\"><div class=\"wpmf-gallery-icon\"><div class=\"square_thumbnail\"><div class=\"img_centered\"><a class=\" not_video noLightbox\" data-lightbox=\"0\" data-href=\"https:\/\/www.galeriafoksal.pl\/wp-content\/uploads\/2014\/03\/IMG_1012-1024x677.jpg\" title=\"\" target=\"_self\" data-index=\"5\" data-rel=\"lightbox-gallery-TaBMqcvs\" data-rl_title=\"\" data-rl_caption=\"\"><img decoding=\"async\" class=\"wpmf_img\" alt=\"IMG_1012\" src=\"https:\/\/www.galeriafoksal.pl\/wp-content\/uploads\/2014\/03\/IMG_1012-300x300.jpg\" data-type=\"wpmfgalleryimg\" data-attachment-id=\"1145\" data-wpmf-size=\"thumbnail\" data-lazy-src=\"https:\/\/www.galeriafoksal.pl\/wp-content\/uploads\/2014\/03\/IMG_1012-300x300.jpg\"><\/a><\/div><\/div><\/div><\/figure><\/div><\/div>\n","protected":false},"excerpt":{"rendered":"","protected":false},"author":3,"featured_media":1141,"comment_status":"closed","ping_status":"closed","sticky":false,"template":"","format":"standard","meta":{"footnotes":""},"categories":[43],"tags":[],"class_list":["post-1140","post","type-post","status-publish","format-standard","has-post-thumbnail","hentry","category-diana-fiedler"],"_links":{"self":[{"href":"https:\/\/www.galeriafoksal.pl\/en\/wp-json\/wp\/v2\/posts\/1140","targetHints":{"allow":["GET"]}}],"collection":[{"href":"https:\/\/www.galeriafoksal.pl\/en\/wp-json\/wp\/v2\/posts"}],"about":[{"href":"https:\/\/www.galeriafoksal.pl\/en\/wp-json\/wp\/v2\/types\/post"}],"author":[{"embeddable":true,"href":"https:\/\/www.galeriafoksal.pl\/en\/wp-json\/wp\/v2\/users\/3"}],"replies":[{"embeddable":true,"href":"https:\/\/www.galeriafoksal.pl\/en\/wp-json\/wp\/v2\/comments?post=1140"}],"version-history":[{"count":0,"href":"https:\/\/www.galeriafoksal.pl\/en\/wp-json\/wp\/v2\/posts\/1140\/revisions"}],"wp:featuredmedia":[{"embeddable":true,"href":"https:\/\/www.galeriafoksal.pl\/en\/wp-json\/wp\/v2\/media\/1141"}],"wp:attachment":[{"href":"https:\/\/www.galeriafoksal.pl\/en\/wp-json\/wp\/v2\/media?parent=1140"}],"wp:term":[{"taxonomy":"category","embeddable":true,"href":"https:\/\/www.galeriafoksal.pl\/en\/wp-json\/wp\/v2\/categories?post=1140"},{"taxonomy":"post_tag","embeddable":true,"href":"https:\/\/www.galeriafoksal.pl\/en\/wp-json\/wp\/v2\/tags?post=1140"}],"curies":[{"name":"wp","href":"https:\/\/api.w.org\/{rel}","templated":true}]}}