{"id":1623,"date":"2002-04-17T11:57:21","date_gmt":"2002-04-17T11:57:21","guid":{"rendered":"http:\/\/www.galeriafoksal.pl\/?p=1623&#038;lang=pl"},"modified":"2014-03-25T11:59:27","modified_gmt":"2014-03-25T11:59:27","slug":"what-makes-my-breakfast-taste-so-nice","status":"publish","type":"post","link":"https:\/\/www.galeriafoksal.pl\/en\/what-makes-my-breakfast-taste-so-nice\/","title":{"rendered":"What makes my breakfast taste so nice?"},"content":{"rendered":"<p><!--[if gte mso 9]><xml>\n<w:WordDocument>\n<w:View>Normal<\/w:View>\n<w:Zoom>0<\/w:Zoom>\n<w:HyphenationZone>21<\/w:HyphenationZone>\n<w:PunctuationKerning\/>\n<w:ValidateAgainstSchemas\/>\n<w:SaveIfXMLInvalid>false<\/w:SaveIfXMLInvalid>\n<w:IgnoreMixedContent>false<\/w:IgnoreMixedContent>\n<w:AlwaysShowPlaceholderText>false<\/w:AlwaysShowPlaceholderText>\n<w:Compatibility>\n<w:BreakWrappedTables\/>\n<w:SnapToGridInCell\/>\n<w:WrapTextWithPunct\/>\n<w:UseAsianBreakRules\/>\n<w:DontGrowAutofit\/>\n<\/w:Compatibility>\n<w:BrowserLevel>MicrosoftInternetExplorer4<\/w:BrowserLevel>\n<\/w:WordDocument>\n<\/xml><![endif]--><\/p>\n<p style=\"mso-spacerun: yes;\"><!--[if gte mso 9]><xml>\n<w:LatentStyles DefLockedState=\"false\" LatentStyleCount=\"156\">\n<\/w:LatentStyles>\n<\/xml><![endif]--><!--[if !mso]><object classid=\"clsid:38481807-CA0E-42D2-BF39-B33AF135CC4D\" id=ieooui><\/object>\n\n\n\n<style>\nst1\\:*{behavior:url(#ieooui) }\n<\/style>\n\n<![endif]--><!--[if gte mso 10]>\n\n\n\n<style>\n \/* Style Definitions *\/\ntable.MsoNormalTable\n{mso-style-name:Standardowy;\nmso-tstyle-rowband-size:0;\nmso-tstyle-colband-size:0;\nmso-style-noshow:yes;\nmso-style-parent:\"\";\nmso-padding-alt:0cm 5.4pt 0cm 5.4pt;\nmso-para-margin:0cm;\nmso-para-margin-bottom:.0001pt;\nmso-pagination:widow-orphan;\nfont-size:10.0pt;\nfont-family:\"Times New Roman\";\nmso-ansi-language:#0400;\nmso-fareast-language:#0400;\nmso-bidi-language:#0400;}\n<\/style>\n\n<![endif]--><\/p>\n<p class=\"MsoNormal\">Otwarcie: 17.04.2002, godz. 18:00<br \/>\n18.04.2002 &#8211; 13.05.2002<\/p>\n<p class=\"MsoNormal\">W Galerii Foksal po raz trzeci odbywa si\u0119 indywidualna wystawa Roberta Maciejuka (poprzednie mia\u0142y miejsce w 1994 i 1996 roku).<\/p>\n<p class=\"MsoNormal\">Tytu\u0142 obecnego pokazu jest cytatem z podpisu na reklamowym obrazku, kt\u00f3ry przedstawia\u0142 scen\u0119 z popularnej kresk\u00f3wki. Podobne \u017ar\u00f3d\u0142o (og\u0142oszenie prasowe) stanowi\u0142o tak\u017ce podstaw\u0119 dla tytu\u0142u jednego z najwa\u017cniejszych dzie\u0142 pop-artu &#8211; kola\u017cu Richarda Hamiltona z 1956 roku <em>Co w\u0142a\u015bciwie sprawia, \u017ce nasze mieszkania s\u0105 tak odmienne, tak poci\u0105gaj\u0105ce?<\/em>.<\/p>\n<p class=\"MsoNormal\">Zwi\u0105zek artysty z bardziej odleg\u0142\u0105 ni\u017c pop-art tradycj\u0105 malarsk\u0105, ujawni\u0142 si\u0119 ju\u017c wcze\u015bniej, kiedy malowa\u0142 <em>\u0106wiczenia z perspektywy wg Uccella<\/em> (1991), a tak\u017ce obrazy bliskie tradycji klasycznej awangardy. Maciejuk jest malarzem tradycyjnym tak\u017ce w sensie stosowanej techniki. Jego malowid\u0142a powstaj\u0105 dzi\u0119ki zastosowaniu dziewi\u0119tnastowiecznych przepis\u00f3w artystycznych dotycz\u0105cych gruntowania p\u0142\u00f3tna, k\u0142adzenia farb i werniksowania. S\u0105 efektem \u017cmudnej, pieczo\u0142owitej aktywno\u015bci. Artysta nie korzysta na og\u00f3\u0142 (jak czynili to tw\u00f3rcy pop-artu) z technik powielania, multiplikacji (cho\u0107 wybierane przez niego tematy mog\u0142yby sk\u0142ania\u0107 do takich praktyk). Tradycja pop-artu, obecna w odniesieniu do motyw\u00f3w czerpanych z potoczno\u015bci, zostaje zanegowana na poziomie wykonania &#8211; rzetelnej malarskiej, rzec by mo\u017cna anachronicznej pracy nad obrazem. Maciejuk jest wierny tezie Maurice\u2019a Denise\u2019a, w \u015bwietle kt\u00f3rej obraz, zanim stanie si\u0119 jakimkolwiek przedstawieniem, jest powierzchni\u0105 p\u0142\u00f3tna pokryt\u0105 farbami.<\/p>\n<p class=\"MsoNormal\">W drugiej po\u0142owie lat 90. malowa\u0142 portrety znak\u00f3w \u2013 wizualnych sygna\u0142\u00f3w ostrzegawczych, informacji i wskaz\u00f3wek spotykanych tak cz\u0119sto, \u017ce ju\u017c nie zauwa\u017canych, zagubionych w chaosie wizualnej komunikacji.<br \/>\nMaciejuk wy\u0142awia\u0142 je z potoku obraz\u00f3w. Pokazywa\u0142 je w powi\u0119kszonej skali, w zmienionych proporcjach. Znaki takie, jak S\u0142o\u0144ce Polsatu, znak radioaktywno\u015bci, ko\u0144ca poci\u0105gu rozpoczyna\u0142y swoje nowe, malarskie \u017cycie na p\u0142\u00f3tnach pokrywanych farbami.<\/p>\n<p class=\"MsoNormal\">Tematem najnowszych jego prac s\u0105 postacie z bajek \u2013 bohaterowie fantastycznego, idealnego \u015bwiata. Na p\u0142\u00f3tnach pojawiaj\u0105 si\u0119 wi\u0119c Mi\u015b Uszatek, Koralgol, Nordynka. Odarcie z ba\u015bniowego kontekstu, namalowanie p\u0119dzlem na p\u0142\u00f3tnie, a wyizolowa\u0142o je z naturalnego \u015brodowiska. Monumentalno\u015bci trywialnym przedstawieniom przydaje niezwyk\u0142y elipsoidalny format obraz\u00f3w oraz ich rozmiar, a tak\u017ce szlachetna technika.<br \/>\nKontekst zmienia znaczenie. (Przekonywa\u0142y o tym ju\u017c wcze\u015bniej znaki, kt\u00f3re na obrazach Maciejuka stawa\u0142y si\u0119 ikonami wsp\u00f3\u0142czesno\u015bci i fragmenty architektury, kt\u00f3re postrzegane by\u0142y jako abstrakcyjne obrazy). Bajkowe postacie przeniesione z opowiada\u0144 dla dzieci, z ksi\u0105\u017ckowej ilustracji czy z kadru filmu animowanego na p\u0142\u00f3tna o staj\u0105 si\u0119 portretami.<br \/>\nObrazy Maciejuka pokazuj\u0105, co dzieje si\u0119 z Misiem Uszatkiem, gdy opuszcza swoj\u0105 przytuln\u0105 chatk\u0119, czy z Kubusiem Puchatkiem, kiedy wychodzi ze Stumilowego Lasu, trac\u0105c fantastyczn\u0105 beztrosk\u0119. Wcze\u015bniejsze prace pokazywa\u0142y malarskie losy znak\u00f3w ostrzegawczych, surrealistycznie niemal wyabstrahowanych z architektonicznego kontekstu dach\u00f3w lub schod\u00f3w.<br \/>\nPanda na wielkoformatowym kola\u017cu wykonanym z fragment\u00f3w puszystej materii powsta\u0142a w oparciu o wz\u00f3r do wyszywania. Traci swoj\u0105 haftowan\u0105 krzy\u017cykami wed\u0142ug wzoru, to\u017csamo\u015b\u0107. Idea powstawania wzornik\u00f3w do wyszywania bliska jest za\u0142o\u017ceniom kubizmu analitycznego, kt\u00f3ry uznawany jest za skrajny przejaw realizmu w drodze do abstrakcji. Haftowane obrazki s\u0105 efektem rozbicia przedstawienia na struktur\u0119 geometrycznych kolorowych figur, wype\u0142nianych mozolnym r\u0119kodzie\u0142em, u\u0142o\u017con\u0105 w r\u00f3wnie abstrakcyjny krzy\u017cykowy wz\u00f3r nitk\u0105. Zmiana skali takiej matrycy ujawnia mechanizm powstawania wizerunku. Na obraz pandy sk\u0142ada si\u0119 kilka p\u0142\u00f3cien-fragment\u00f3w. Zestawione ze sob\u0105, jak puzzle z dzieci\u0119cego pokoju, tworz\u0105 monstrualny wizerunek sk\u0142adaj\u0105cy si\u0119 z wielkich czarno-bia\u0142ych p\u0142aszczyzn. Nordynka pojawia si\u0119 na p\u0142\u00f3tnie jako ca\u0142opostaciowe przedstawienie uj\u0119te w tanecznym ruchu, Misia Uszatka wyobra\u017cony wsp\u00f3lnie z przyjacielem &#8211; psem z bajki.<br \/>\nNa wystawie znajdzie si\u0119 tak\u017ce cykl trzech obraz\u00f3w przedstawiaj\u0105cych w zbli\u017ceniu twarz Koralgola.<br \/>\nPortretom towarzysz\u0105 na wystawie puste bajkowe pejza\u017ce \u2013 scenografia z bajek, \u015bwiat opuszczony przez \u017cyj\u0105ce w nim postacie, oczyszczony niejako z figuralnego sztafa\u017cu. \u015awiat wymar\u0142y.<\/p>\n<p class=\"MsoNormal\">Wystawa prezentuje wi\u0119c rozdzielenie miejsca i figur, rozszczepiony \u015bwiat. Skupienie na ka\u017cdym z jego element\u00f3w osobno, zaprezentowane przez malarstwo Maciejuka, sta\u0107 si\u0119 mo\u017ce pretekstem do refleksji na temat znaczenia ka\u017cdego z element\u00f3w idealnego \u015bwiata ba\u015bni z osobna. malarstwo zapewnia inn\u0105 ni\u017c w bajce ekspresj\u0119, dalek\u0105 od klimatu magicznej beztroski. W animowanej bajce, styropian mo\u017ce bez trudu by\u0107 o\u015bnie\u017conym pag\u00f3rkiem, zmarszczona folia \u2013 wod\u0105, a poci\u0119te jej kawa\u0142ki \u2013 deszczem. Malarstwo nie tyle odmawia pag\u00f3rkom, wodzie i deszczom ich sztucznej to\u017csamo\u015bci, co j\u0105 ods\u0142ania.<\/p>\n<p class=\"MsoNormal\">Maciejuk prezentuje swoje prace w przestrzeni galerii sztuki. Jest to najw\u0142a\u015bciwsze miejsce dla malarstwa. Wprowadza jednocze\u015bnie w t\u0119 przestrze\u0144 postacie z innego wymiaru, kt\u00f3rych obecno\u015b\u0107 w przestrzeni sztuki nie jest ju\u017c tak oczywista. Jedynym usprawiedliwieniem ich obecno\u015bci tutaj jest malarstwo, przyznane im przez artyst\u0119 miejsce na p\u0142\u00f3tnie. Medium legitymizuje t\u0119 obecno\u015b\u0107.<\/p>\n<p class=\"MsoNormal\">Kiedy Maciejuk malowa\u0142 znaki ostrzegawcze, komunikacyjne i inne, jego aspiracj\u0105 by\u0142o zagwarantowanie swoim dzie\u0142om minimalnej wolno\u015bci interpretacyjnej. Obrazy przedstawia\u0142y znaki, nie by\u0142y nimi (skala, farby, p\u0142\u00f3tno), ale nie by\u0142y te\u017c niczym wi\u0119cej ni\u017c obrazami znak\u00f3w. Okazywa\u0142o si\u0119 jednak, \u017ce ich zobrazowanie, namalowanie na p\u0142\u00f3tnie przydaje im nowych znacze\u0144, \u017ce d\u0105\u017cenie do ograniczenia dr\u00f3g interpretacji skazane jest na pora\u017ck\u0119. Kiedy indziej, gdy pokazywa\u0142 cykl obraz\u00f3w przedstawiaj\u0105cych motyw z za\u0142o\u017cenia wieloznaczny, jakim jest ludzka czaszka, symbol vanitas oddzia\u0142ywa\u0142 w nowy, nie pozbawiony humoru, spos\u00f3b. Skrupulatno\u015b\u0107 malarskiego odtworzenia kwiat\u00f3w z poczt\u00f3wek d\u017awi\u0119kowych przyda\u0142a im grozy, malarstwo 9paradoksalnie) odebra\u0142o im dekoracyjny wymiar.<\/p>\n<p class=\"MsoNormal\">Postacie z bajek odtwarzane s\u0105 przez artyst\u0119 r\u00f3wnie pieczo\u0142owicie \u2013 p\u0119dzlowi nie umyka \u017caden szczeg\u00f3\u0142 i niuans chromatyczny. Zachowanie bezwzgl\u0119dnej wierno\u015bci orygina\u0142owi nie gwarantuje jednak postaciom zachowania to\u017csamo\u015bci.<\/p>\n<p class=\"MsoNormal\">Wed\u0142ug podstawowych zasad malowania, portret charakteryzuje kilka fenomen\u00f3w hermeneutycznych, dzi\u0119ki kt\u00f3rym portretowana posta\u0107 prezentuje wy\u0142\u0105cznie siebie. Na p\u0142\u00f3tnach wiernie oddane wizerunki postaci z bajek, poddane jedynie interpretacji zwi\u0105zanej z u\u017cyciem farb olejnych pokazuj\u0105 swoje prawdziwe twarze (cho\u0107 Maciejuk namalowa\u0142 jedynie to, co zobaczy\u0142).<\/p>\n<p class=\"MsoNormal\">Ogl\u0105danie bajek przez doros\u0142ych jest niekiedy powrotem do dzieci\u0144stwa. Wystawa Maciejuka nie funduje widzowi takiego komfortowego wspominania. Stwarza raczej nowe miejsce dla postaci z bajek. Docieraj\u0105c do niego przemierzaj\u0105 one drog\u0119 poza \u015bwiat dzieci\u0144stwa, ku innej rzeczywisto\u015bci. Jest to rzeczywisto\u015b\u0107, kt\u00f3rej istnienie mo\u017cliwe tylko na p\u0142aszczy\u017anie obrazu. Tutaj r\u00f3wnie\u017c, jak w bajce wszystko jest mo\u017cliwe, cho\u0107 regu\u0142y tej mo\u017cliwo\u015bci pochodz\u0105 z innego, malarskiego \u015bwiata.<br \/>\nIch portrety wygl\u0105daj\u0105 jak wizerunki przodk\u00f3w na \u015bcianach mieszcza\u0144skich mieszka\u0144.<\/p>\n<p class=\"MsoNormal\">\n","protected":false},"excerpt":{"rendered":"","protected":false},"author":3,"featured_media":0,"comment_status":"closed","ping_status":"closed","sticky":false,"template":"","format":"standard","meta":{"footnotes":""},"categories":[64],"tags":[],"class_list":["post-1623","post","type-post","status-publish","format-standard","hentry","category-robert-maciejuk"],"_links":{"self":[{"href":"https:\/\/www.galeriafoksal.pl\/en\/wp-json\/wp\/v2\/posts\/1623","targetHints":{"allow":["GET"]}}],"collection":[{"href":"https:\/\/www.galeriafoksal.pl\/en\/wp-json\/wp\/v2\/posts"}],"about":[{"href":"https:\/\/www.galeriafoksal.pl\/en\/wp-json\/wp\/v2\/types\/post"}],"author":[{"embeddable":true,"href":"https:\/\/www.galeriafoksal.pl\/en\/wp-json\/wp\/v2\/users\/3"}],"replies":[{"embeddable":true,"href":"https:\/\/www.galeriafoksal.pl\/en\/wp-json\/wp\/v2\/comments?post=1623"}],"version-history":[{"count":0,"href":"https:\/\/www.galeriafoksal.pl\/en\/wp-json\/wp\/v2\/posts\/1623\/revisions"}],"wp:attachment":[{"href":"https:\/\/www.galeriafoksal.pl\/en\/wp-json\/wp\/v2\/media?parent=1623"}],"wp:term":[{"taxonomy":"category","embeddable":true,"href":"https:\/\/www.galeriafoksal.pl\/en\/wp-json\/wp\/v2\/categories?post=1623"},{"taxonomy":"post_tag","embeddable":true,"href":"https:\/\/www.galeriafoksal.pl\/en\/wp-json\/wp\/v2\/tags?post=1623"}],"curies":[{"name":"wp","href":"https:\/\/api.w.org\/{rel}","templated":true}]}}