{"id":1629,"date":"2002-02-15T12:04:24","date_gmt":"2002-02-15T12:04:24","guid":{"rendered":"http:\/\/www.galeriafoksal.pl\/?p=1629&#038;lang=pl"},"modified":"2014-03-25T12:05:00","modified_gmt":"2014-03-25T12:05:00","slug":"poezja-konkretna","status":"publish","type":"post","link":"https:\/\/www.galeriafoksal.pl\/en\/poezja-konkretna\/","title":{"rendered":"Poezja konkretna"},"content":{"rendered":"<p><!--[if gte mso 9]><xml>\n<w:WordDocument>\n<w:View>Normal<\/w:View>\n<w:Zoom>0<\/w:Zoom>\n<w:HyphenationZone>21<\/w:HyphenationZone>\n<w:PunctuationKerning\/>\n<w:ValidateAgainstSchemas\/>\n<w:SaveIfXMLInvalid>false<\/w:SaveIfXMLInvalid>\n<w:IgnoreMixedContent>false<\/w:IgnoreMixedContent>\n<w:AlwaysShowPlaceholderText>false<\/w:AlwaysShowPlaceholderText>\n<w:Compatibility>\n<w:BreakWrappedTables\/>\n<w:SnapToGridInCell\/>\n<w:WrapTextWithPunct\/>\n<w:UseAsianBreakRules\/>\n<w:DontGrowAutofit\/>\n<\/w:Compatibility>\n<w:BrowserLevel>MicrosoftInternetExplorer4<\/w:BrowserLevel>\n<\/w:WordDocument>\n<\/xml><![endif]--><\/p>\n<p><!--[if gte mso 9]><xml>\n<w:LatentStyles DefLockedState=\"false\" LatentStyleCount=\"156\">\n<\/w:LatentStyles>\n<\/xml><![endif]--><!--[if !mso]><object classid=\"clsid:38481807-CA0E-42D2-BF39-B33AF135CC4D\" id=ieooui><\/object>\n\n\n\n<style>\nst1\\:*{behavior:url(#ieooui) }\n<\/style>\n\n<![endif]--><!--[if gte mso 10]>\n\n\n\n<style>\n \/* Style Definitions *\/\ntable.MsoNormalTable\n{mso-style-name:Standardowy;\nmso-tstyle-rowband-size:0;\nmso-tstyle-colband-size:0;\nmso-style-noshow:yes;\nmso-style-parent:\"\";\nmso-padding-alt:0cm 5.4pt 0cm 5.4pt;\nmso-para-margin:0cm;\nmso-para-margin-bottom:.0001pt;\nmso-pagination:widow-orphan;\nfont-size:10.0pt;\nfont-family:\"Times New Roman\";\nmso-ansi-language:#0400;\nmso-fareast-language:#0400;\nmso-bidi-language:#0400;}\n<\/style>\n\n<![endif]--><\/p>\n<p class=\"MsoNormal\">Otwarcie: 14.02.2002, godz. 18:00<br \/>\n15.02.2002 &#8211; 1.04.2002<\/p>\n<p class=\"MsoNormal\">Nowa praca Stanis\u0142awa Dr\u00f3\u017cd\u017ca zrealizowana w Galerii Foksal jest zaskakuj\u0105ca. Znamy Dr\u00f3\u017cd\u017ca z prac, w kt\u00f3rych po mistrzowsku \u0142\u0105czy s\u0142owo i przestrze\u0144, cho\u0107by s\u0142ynne <em>MI\u0118DZY <\/em>zrealizowane na Foksal w 1977 roku, a p\u00f3\u017aniej wielokrotnie rekonstruowane. Tym razem na wystawie Dr\u00f3\u017cd\u017ca widz nie znajdzie ani jednego s\u0142owa, ani jednej litery, \u017cadnego znaku. Dr\u00f3\u017cd\u017c pokazuje nam w swoim nowym zaskakuj\u0105cym dziele przestrze\u0144 sam\u0105 w sobie, przestrze\u0144 konkretnego miejsca: Galerii Foksal. Aby przestrze\u0144 mog\u0142a nam si\u0119 nale\u017cycie przedstawi\u0107 przed oczami, Dr\u00f3\u017cd\u017c zarezerwowa\u0142 ca\u0142\u0105 sal\u0119 ekspozycyjn\u0105 dla niej samej, wypraszaj\u0105c widza na korytarz, sk\u0105d mo\u017ce kontemplowa\u0107 dzie\u0142o. Widz musi ust\u0105pi\u0107 w tym wypadku miejscu, nie jest ju\u017c pomi\u0119dzy, ale wobec przestrzeni zap\u0119tlonej lini\u0105 d\u0142ugo\u015bci dziesi\u0119ciu tysi\u0119cy metr\u00f3w. Kokon, kt\u00f3ry wype\u0142nia galeri\u0119 zosta\u0142 utkany z prze\u017aroczystej \u017cy\u0142ki grubo\u015bci 1 mm, kt\u00f3ra \u0142\u0105czy punkty wyznaczone wed\u0142ug specjalnego systemu na \u015bcianach, suficie i pod\u0142odze galerii. Przez ostatnie dwa tygodnie praca by\u0142a g\u0119sto tkana przez kilka os\u00f3b, kt\u00f3re stopniowo wycofywa\u0142y si\u0119 z wn\u0119trza. Sie\u0107 utworzona z prze\u017aroczystej \u017cy\u0142ki ods\u0142ania oczom widza niezwyk\u0142e napi\u0119cie wewn\u0105trz kompletnie bia\u0142ej, neutralnej przestrzeni galerii Foksal.<\/p>\n<p class=\"MsoNormal\">Stanis\u0142aw Dr\u00f3\u017cd\u017c (ur. 1939 r. w S\u0142awkowie ) jest <em>najciekawszym<\/em> \u2013 cytuj\u0105c Tadeusza S\u0142awka \u2013 <em>najbardziej konsekwentnym polskim poet\u0105 konkretnym<\/em>. Jego prace<span style=\"mso-spacerun: yes;\">\u00a0 <\/span>tworzone od 1967 roku nale\u017c\u0105 do wyj\u0105tkowo radykalnych i ascetycznych wypowiedzi w tej dziedzinie. Niezwyk\u0142a dynamika dzie\u0142a Dr\u00f3\u017cd\u017ca pochodzi z napi\u0119cia pomi\u0119dzy minimalizmem formalnym jego prac a totalno\u015bci\u0105 wizji artysty wykraczaj\u0105c\u0105 poza przestrze\u0144 wystawy. <em>Poj\u0119ciokszta\u0142ty<\/em> \u2013 bo tak nazywa Dr\u00f3\u017cd\u017c swoje oryginalne utwory z pogranicza poezji i sztuk wizualnych \u2013 przedstawiaj\u0105 w sugestywny spos\u00f3b sprz\u0119\u017cenie poj\u0119cia z form\u0105 jego zapisu. Teksty Dr\u00f3\u017cd\u017ca realizowane s\u0105 w postaci maszynopis\u00f3w, fotograficznych odbitek, komputerowych wydruk\u00f3w i instalacji przestrzennych. Dr\u00f3\u017cd\u017c tworzy z pojedynczych s\u0142\u00f3w, liczb, liter now\u0105 jako\u015b\u0107 wizualn\u0105 i znaczeniow\u0105, stawiaj\u0105c sobie za cel aby w minimum zapisu osi\u0105gn\u0105\u0107 maksimum tre\u015bci skojarzeniowych. Czarno-bia\u0142a, oszcz\u0119dna estetyka tekst\u00f3w wyst\u0119puje w bezpo\u015bredniej relacji z ich etycznym, egzystencjalnym przes\u0142aniem. Od 1971 roku artysta systematycznie wsp\u00f3\u0142pracuje z Galeri\u0105 Foksal.<\/p>\n<p class=\"MsoNormal\">Ostatnie lata to renesans zainteresowania tw\u00f3rczo\u015bci\u0105 tego artysty. Dr\u00f3\u017cd\u017c pokazywa\u0142 swoje prace w Galerii Foksal w Warszawie, w Muzeum G\u00f3rno\u015bl\u0105skim w Bytomiu, w Galerii Potocka w Krakowie, na wystawie polskiego konceptualizmu w Centrum Sztuki Wsp\u00f3\u0142czesnej Zamek Ujazdowski w Warszawie, w Galerii Sztuki Wsp\u00f3\u0142czesnej we Wroc\u0142awiu, w Galerii Miejsce w Cieszynie. Zrealizowa\u0142 specjalny projekt dla nowo wzniesionych hal targowych w Lipsku, jego prace pokazywane by\u0142y w 2000 roku mi\u0119dzy innymi na Targach Ksi\u0105\u017cki we Frankfurcie i na wystawie sztuki polskiej <em>In Between<\/em> przygotowanej przez Galeri\u0119 Zach\u0119ta w Chicago. W ubieg\u0142ym roku mia\u0142a miejsce jego du\u017ca wystawa w Bunkrze Sztuki w Krakowie, a Galeria Zewn\u0119trzna AMS prezentowa\u0142a na 400 bilboardach w 19 miastach polski, plakat Stanis\u0142awa Dr\u00f3\u017cd\u017ca zatytu\u0142owany <em>lub.<\/em> Prace Dr\u00f3\u017cd\u017ca z lat sze\u015b\u0107dziesi\u0105tych mo\u017cna zobaczy\u0107 w Kolekcji Centrum Sztuki Wsp\u00f3\u0142czesnej w Warszawie.<\/p>\n<p class=\"MsoNormal\">Wystawa zrealizowana we wsp\u00f3\u0142pracy z Fundacj\u0105 Galerii Foksal dzi\u0119ki dotacji Ministerstwa Kultury. Wsparcia udzieli\u0142 r\u00f3wnie\u017c Orbis S.A. Oddzia\u0142 Hotel Solec.<br \/>\nPomoc techniczna: Iwar Romanek<\/p>\n<p class=\"MsoNormal\">\n","protected":false},"excerpt":{"rendered":"","protected":false},"author":3,"featured_media":0,"comment_status":"closed","ping_status":"closed","sticky":false,"template":"","format":"standard","meta":{"footnotes":""},"categories":[53],"tags":[],"class_list":["post-1629","post","type-post","status-publish","format-standard","hentry","category-stanislaw-drozdz"],"_links":{"self":[{"href":"https:\/\/www.galeriafoksal.pl\/en\/wp-json\/wp\/v2\/posts\/1629","targetHints":{"allow":["GET"]}}],"collection":[{"href":"https:\/\/www.galeriafoksal.pl\/en\/wp-json\/wp\/v2\/posts"}],"about":[{"href":"https:\/\/www.galeriafoksal.pl\/en\/wp-json\/wp\/v2\/types\/post"}],"author":[{"embeddable":true,"href":"https:\/\/www.galeriafoksal.pl\/en\/wp-json\/wp\/v2\/users\/3"}],"replies":[{"embeddable":true,"href":"https:\/\/www.galeriafoksal.pl\/en\/wp-json\/wp\/v2\/comments?post=1629"}],"version-history":[{"count":0,"href":"https:\/\/www.galeriafoksal.pl\/en\/wp-json\/wp\/v2\/posts\/1629\/revisions"}],"wp:attachment":[{"href":"https:\/\/www.galeriafoksal.pl\/en\/wp-json\/wp\/v2\/media?parent=1629"}],"wp:term":[{"taxonomy":"category","embeddable":true,"href":"https:\/\/www.galeriafoksal.pl\/en\/wp-json\/wp\/v2\/categories?post=1629"},{"taxonomy":"post_tag","embeddable":true,"href":"https:\/\/www.galeriafoksal.pl\/en\/wp-json\/wp\/v2\/tags?post=1629"}],"curies":[{"name":"wp","href":"https:\/\/api.w.org\/{rel}","templated":true}]}}